{"id":1902,"date":"2023-02-14T15:46:34","date_gmt":"2023-02-14T14:46:34","guid":{"rendered":"https:\/\/www.de-wild.com\/?p=1902"},"modified":"2023-02-23T10:32:10","modified_gmt":"2023-02-23T09:32:10","slug":"open-dag-voor-klanten","status":"publish","type":"post","link":"https:\/\/www.de-wild.com\/fr\/2023\/02\/open-dag-voor-klanten\/","title":{"rendered":"Portes ouvertes pour les clients"},"content":{"rendered":"<p>Le 13 f\u00e9vrier 2023, nous avons ouvert les portes \u00e0 nos clients du Benelux. Avec environ 100 visiteurs satisfaits, ce fut une journ\u00e9e portes ouvertes tr\u00e8s r\u00e9ussie !<\/p>\n<p>Apr\u00e8s la r\u00e9ception dans notre salle d'exposition, les clients ont eu la possibilit\u00e9 de participer aux visites guid\u00e9es de notre nouveau b\u00e2timent. Bien s\u00fbr, tout le monde n'a pas de contact avec les clients, ou le contact se limite au courrier \u00e9lectronique ou au t\u00e9l\u00e9phone. Les rencontres entre visiteurs et coll\u00e8gues sont donc une contribution pr\u00e9cieuse \u00e0 la coop\u00e9ration mutuelle.<\/p>\n<p>Pendant une journ\u00e9e, le hall s'est transform\u00e9 en une zone de d\u00e9monstration avec des produits expos\u00e9s et diverses activit\u00e9s largement connues de nos participations \u00e0 des salons et autres \u00e9v\u00e9nements. Un concours de sciage avec <a href=\"https:\/\/www.de-wild.com\/fr\/nos-marques\/silky\/\" target=\"_blank\" rel=\"noopener\">Silky<\/a> pour scier le bon poids d'une branche, deux seaux de coupe pour tester diff\u00e9rentes cisailles <a href=\"https:\/\/www.de-wild.com\/fr\/nos-marques\/okatsune\/\" target=\"_blank\" rel=\"noopener\">Okatsune<\/a> , un jeu de lancer de balles dans les tr\u00e9mies de nos broyeurs et un parcours difficile avec des obstacles pour tester les machines 'Wheel Driven' de <a href=\"https:\/\/www.de-wild.com\/fr\/nos-marques\/gtm\/\" target=\"_blank\" rel=\"noopener\">GTM Professional<\/a> . Toutes les parties ont fourni beaucoup d'interaction et surtout de plaisir !<\/p>\n<p>Apr\u00e8s les activit\u00e9s et divers verres, un discours a suivi pour exprimer notre gratitude \u00e0 nos proches pour tous leurs efforts au cours des derni\u00e8res ann\u00e9es. Un d\u00e9licieux d\u00e9jeuner a ensuite \u00e9t\u00e9 servi. Enfin, les clients avaient la possibilit\u00e9 d'assister \u00e0 une d\u00e9monstration \u00e0 l'ext\u00e9rieur ou de tester eux-m\u00eames les derni\u00e8res machines. Merci \u00e0 notre \u00e9quipe d'avoir fait de cette journ\u00e9e un rassemblement festif !<\/p>","protected":false},"excerpt":{"rendered":"<p>Le 13 f\u00e9vrier 2023, nous avons ouvert les portes \u00e0 nos clients du Benelux. Avec environ 100 visiteurs satisfaits, ce fut une journ\u00e9e portes ouvertes tr\u00e8s r\u00e9ussie ! Apr\u00e8s la r\u00e9ception dans notre salle d'exposition, les clients ont eu la possibilit\u00e9 de participer aux visites guid\u00e9es de notre nouveau b\u00e2timent.<\/p>","protected":false},"author":3,"featured_media":1908,"comment_status":"open","ping_status":"open","sticky":false,"template":"","format":"standard","meta":{"_acf_changed":false,"inline_featured_image":false,"footnotes":""},"categories":[1],"tags":[],"class_list":["post-1902","post","type-post","status-publish","format-standard","has-post-thumbnail","hentry","category-geen-onderdeel-van-een-categorie"],"acf":[],"yoast_head":"<!-- This site is optimized with the Yoast SEO plugin v27.1.1 - https:\/\/yoast.com\/product\/yoast-seo-wordpress\/ -->\n<title>Open dag voor klanten - De-Wild.com | gespecialiseerd in machines en gereedschap voor tuin en park<\/title>\n<meta name=\"robots\" content=\"index, follow, max-snippet:-1, max-image-preview:large, max-video-preview:-1\" \/>\n<link rel=\"canonical\" href=\"https:\/\/www.de-wild.com\/fr\/2023\/02\/portes-ouvertes-pour-les-clients\/\" \/>\n<meta property=\"og:locale\" content=\"fr_FR\" \/>\n<meta property=\"og:type\" content=\"article\" \/>\n<meta property=\"og:title\" content=\"Open dag voor klanten - De-Wild.com | gespecialiseerd in machines en gereedschap voor tuin en park\" \/>\n<meta property=\"og:description\" content=\"Op 13 februari 2023 openden wij de deuren voor onze Benelux klanten. Met zo\u2019n 100 tevreden bezoekers was het een zeer geslaagde open dag! Na de ontvangst in onze showroom hadden klanten de gelegenheid zich aan te sluiten bij de rondleidingen door ons nieuwe pand.\" \/>\n<meta property=\"og:url\" content=\"https:\/\/www.de-wild.com\/fr\/2023\/02\/portes-ouvertes-pour-les-clients\/\" \/>\n<meta property=\"og:site_name\" content=\"De-Wild.com | gespecialiseerd in machines en gereedschap voor tuin en park\" \/>\n<meta property=\"article:published_time\" content=\"2023-02-14T14:46:34+00:00\" \/>\n<meta property=\"article:modified_time\" content=\"2023-02-23T09:32:10+00:00\" \/>\n<meta property=\"og:image\" content=\"http:\/\/www.de-wild.com\/wp-content\/uploads\/2023\/02\/Dealerdag_2023.jpg\" \/>\n\t<meta property=\"og:image:width\" content=\"2200\" \/>\n\t<meta property=\"og:image:height\" content=\"1467\" \/>\n\t<meta property=\"og:image:type\" content=\"image\/jpeg\" \/>\n<meta name=\"author\" content=\"Diana de Keijzer\" \/>\n<meta name=\"twitter:card\" content=\"summary_large_image\" \/>\n<meta name=\"twitter:label1\" content=\"\u00c9crit par\" \/>\n\t<meta name=\"twitter:data1\" content=\"Diana de Keijzer\" \/>\n\t<meta name=\"twitter:label2\" content=\"Dur\u00e9e de lecture estim\u00e9e\" \/>\n\t<meta name=\"twitter:data2\" content=\"2 minutes\" \/>\n<script type=\"application\/ld+json\" class=\"yoast-schema-graph\">{\"@context\":\"https:\/\/schema.org\",\"@graph\":[{\"@type\":\"Article\",\"@id\":\"https:\/\/www.de-wild.com\/2023\/02\/open-dag-voor-klanten\/#article\",\"isPartOf\":{\"@id\":\"https:\/\/www.de-wild.com\/2023\/02\/open-dag-voor-klanten\/\"},\"author\":{\"name\":\"Diana de Keijzer\",\"@id\":\"https:\/\/www.de-wild.com\/#\/schema\/person\/2ea239bb21e1cf6b5ed8a5c6707f37ef\"},\"headline\":\"Open dag voor klanten\",\"datePublished\":\"2023-02-14T14:46:34+00:00\",\"dateModified\":\"2023-02-23T09:32:10+00:00\",\"mainEntityOfPage\":{\"@id\":\"https:\/\/www.de-wild.com\/2023\/02\/open-dag-voor-klanten\/\"},\"wordCount\":229,\"commentCount\":0,\"publisher\":{\"@id\":\"https:\/\/www.de-wild.com\/#organization\"},\"image\":{\"@id\":\"https:\/\/www.de-wild.com\/2023\/02\/open-dag-voor-klanten\/#primaryimage\"},\"thumbnailUrl\":\"https:\/\/www.de-wild.com\/wp-content\/uploads\/2023\/02\/Dealerdag_2023.jpg\",\"articleSection\":[\"Geen onderdeel van een categorie\"],\"inLanguage\":\"fr-FR\",\"potentialAction\":[{\"@type\":\"CommentAction\",\"name\":\"Comment\",\"target\":[\"https:\/\/www.de-wild.com\/2023\/02\/open-dag-voor-klanten\/#respond\"]}]},{\"@type\":\"WebPage\",\"@id\":\"https:\/\/www.de-wild.com\/2023\/02\/open-dag-voor-klanten\/\",\"url\":\"https:\/\/www.de-wild.com\/2023\/02\/open-dag-voor-klanten\/\",\"name\":\"Open dag voor klanten - De-Wild.com | gespecialiseerd in machines en gereedschap voor tuin en park\",\"isPartOf\":{\"@id\":\"https:\/\/www.de-wild.com\/#website\"},\"primaryImageOfPage\":{\"@id\":\"https:\/\/www.de-wild.com\/2023\/02\/open-dag-voor-klanten\/#primaryimage\"},\"image\":{\"@id\":\"https:\/\/www.de-wild.com\/2023\/02\/open-dag-voor-klanten\/#primaryimage\"},\"thumbnailUrl\":\"https:\/\/www.de-wild.com\/wp-content\/uploads\/2023\/02\/Dealerdag_2023.jpg\",\"datePublished\":\"2023-02-14T14:46:34+00:00\",\"dateModified\":\"2023-02-23T09:32:10+00:00\",\"breadcrumb\":{\"@id\":\"https:\/\/www.de-wild.com\/2023\/02\/open-dag-voor-klanten\/#breadcrumb\"},\"inLanguage\":\"fr-FR\",\"potentialAction\":[{\"@type\":\"ReadAction\",\"target\":[\"https:\/\/www.de-wild.com\/2023\/02\/open-dag-voor-klanten\/\"]}]},{\"@type\":\"ImageObject\",\"inLanguage\":\"fr-FR\",\"@id\":\"https:\/\/www.de-wild.com\/2023\/02\/open-dag-voor-klanten\/#primaryimage\",\"url\":\"https:\/\/www.de-wild.com\/wp-content\/uploads\/2023\/02\/Dealerdag_2023.jpg\",\"contentUrl\":\"https:\/\/www.de-wild.com\/wp-content\/uploads\/2023\/02\/Dealerdag_2023.jpg\",\"width\":2200,\"height\":1467},{\"@type\":\"BreadcrumbList\",\"@id\":\"https:\/\/www.de-wild.com\/2023\/02\/open-dag-voor-klanten\/#breadcrumb\",\"itemListElement\":[{\"@type\":\"ListItem\",\"position\":1,\"name\":\"Home\",\"item\":\"https:\/\/www.de-wild.com\/\"},{\"@type\":\"ListItem\",\"position\":2,\"name\":\"Open dag voor klanten\"}]},{\"@type\":\"WebSite\",\"@id\":\"https:\/\/www.de-wild.com\/#website\",\"url\":\"https:\/\/www.de-wild.com\/\",\"name\":\"De-Wild.com | gespecialiseerd in machines en gereedschap voor tuin en park\",\"description\":\"De-Wild.com | gespecialiseerd in machines en gereedschap voor tuin en park\",\"publisher\":{\"@id\":\"https:\/\/www.de-wild.com\/#organization\"},\"potentialAction\":[{\"@type\":\"SearchAction\",\"target\":{\"@type\":\"EntryPoint\",\"urlTemplate\":\"https:\/\/www.de-wild.com\/?s={search_term_string}\"},\"query-input\":{\"@type\":\"PropertyValueSpecification\",\"valueRequired\":true,\"valueName\":\"search_term_string\"}}],\"inLanguage\":\"fr-FR\"},{\"@type\":\"Organization\",\"@id\":\"https:\/\/www.de-wild.com\/#organization\",\"name\":\"De-Wild.com | gespecialiseerd in machines en gereedschap voor tuin en park\",\"url\":\"https:\/\/www.de-wild.com\/\",\"logo\":{\"@type\":\"ImageObject\",\"inLanguage\":\"fr-FR\",\"@id\":\"https:\/\/www.de-wild.com\/#\/schema\/logo\/image\/\",\"url\":\"https:\/\/www.de-wild.com\/wp-content\/uploads\/2020\/09\/logo.svg\",\"contentUrl\":\"https:\/\/www.de-wild.com\/wp-content\/uploads\/2020\/09\/logo.svg\",\"width\":134,\"height\":150,\"caption\":\"De-Wild.com | gespecialiseerd in machines en gereedschap voor tuin en park\"},\"image\":{\"@id\":\"https:\/\/www.de-wild.com\/#\/schema\/logo\/image\/\"}},{\"@type\":\"Person\",\"@id\":\"https:\/\/www.de-wild.com\/#\/schema\/person\/2ea239bb21e1cf6b5ed8a5c6707f37ef\",\"name\":\"Diana de Keijzer\",\"image\":{\"@type\":\"ImageObject\",\"inLanguage\":\"fr-FR\",\"@id\":\"https:\/\/www.de-wild.com\/#\/schema\/person\/image\/\",\"url\":\"https:\/\/secure.gravatar.com\/avatar\/1996a439a127955820c5b639d1a09a0ef871cc2e8b694c731872463a60ea954e?s=96&d=mm&r=g\",\"contentUrl\":\"https:\/\/secure.gravatar.com\/avatar\/1996a439a127955820c5b639d1a09a0ef871cc2e8b694c731872463a60ea954e?s=96&d=mm&r=g\",\"caption\":\"Diana de Keijzer\"},\"url\":\"https:\/\/www.de-wild.com\/fr\/author\/diana\/\"}]}<\/script>\n<!-- \/ Yoast SEO plugin. -->","yoast_head_json":{"title":"Portes ouvertes pour les clients - De-Wild.com | sp\u00e9cialis\u00e9 dans les machines et outils pour le jardin et le parc","robots":{"index":"index","follow":"follow","max-snippet":"max-snippet:-1","max-image-preview":"max-image-preview:large","max-video-preview":"max-video-preview:-1"},"canonical":"https:\/\/www.de-wild.com\/fr\/2023\/02\/portes-ouvertes-pour-les-clients\/","og_locale":"fr_FR","og_type":"article","og_title":"Open dag voor klanten - De-Wild.com | gespecialiseerd in machines en gereedschap voor tuin en park","og_description":"Op 13 februari 2023 openden wij de deuren voor onze Benelux klanten. Met zo\u2019n 100 tevreden bezoekers was het een zeer geslaagde open dag! Na de ontvangst in onze showroom hadden klanten de gelegenheid zich aan te sluiten bij de rondleidingen door ons nieuwe pand.","og_url":"https:\/\/www.de-wild.com\/fr\/2023\/02\/portes-ouvertes-pour-les-clients\/","og_site_name":"De-Wild.com | gespecialiseerd in machines en gereedschap voor tuin en park","article_published_time":"2023-02-14T14:46:34+00:00","article_modified_time":"2023-02-23T09:32:10+00:00","og_image":[{"width":2200,"height":1467,"url":"http:\/\/www.de-wild.com\/wp-content\/uploads\/2023\/02\/Dealerdag_2023.jpg","type":"image\/jpeg"}],"author":"Diana de Keijzer","twitter_card":"summary_large_image","twitter_misc":{"\u00c9crit par":"Diana de Keijzer","Dur\u00e9e de lecture estim\u00e9e":"2 minutes"},"schema":{"@context":"https:\/\/schema.org","@graph":[{"@type":"Article","@id":"https:\/\/www.de-wild.com\/2023\/02\/open-dag-voor-klanten\/#article","isPartOf":{"@id":"https:\/\/www.de-wild.com\/2023\/02\/open-dag-voor-klanten\/"},"author":{"name":"Diana de Keijzer","@id":"https:\/\/www.de-wild.com\/#\/schema\/person\/2ea239bb21e1cf6b5ed8a5c6707f37ef"},"headline":"Open dag voor klanten","datePublished":"2023-02-14T14:46:34+00:00","dateModified":"2023-02-23T09:32:10+00:00","mainEntityOfPage":{"@id":"https:\/\/www.de-wild.com\/2023\/02\/open-dag-voor-klanten\/"},"wordCount":229,"commentCount":0,"publisher":{"@id":"https:\/\/www.de-wild.com\/#organization"},"image":{"@id":"https:\/\/www.de-wild.com\/2023\/02\/open-dag-voor-klanten\/#primaryimage"},"thumbnailUrl":"https:\/\/www.de-wild.com\/wp-content\/uploads\/2023\/02\/Dealerdag_2023.jpg","articleSection":["Geen onderdeel van een categorie"],"inLanguage":"fr-FR","potentialAction":[{"@type":"CommentAction","name":"Comment","target":["https:\/\/www.de-wild.com\/2023\/02\/open-dag-voor-klanten\/#respond"]}]},{"@type":"WebPage","@id":"https:\/\/www.de-wild.com\/2023\/02\/open-dag-voor-klanten\/","url":"https:\/\/www.de-wild.com\/2023\/02\/open-dag-voor-klanten\/","name":"Portes ouvertes pour les clients - De-Wild.com | sp\u00e9cialis\u00e9 dans les machines et outils pour le jardin et le parc","isPartOf":{"@id":"https:\/\/www.de-wild.com\/#website"},"primaryImageOfPage":{"@id":"https:\/\/www.de-wild.com\/2023\/02\/open-dag-voor-klanten\/#primaryimage"},"image":{"@id":"https:\/\/www.de-wild.com\/2023\/02\/open-dag-voor-klanten\/#primaryimage"},"thumbnailUrl":"https:\/\/www.de-wild.com\/wp-content\/uploads\/2023\/02\/Dealerdag_2023.jpg","datePublished":"2023-02-14T14:46:34+00:00","dateModified":"2023-02-23T09:32:10+00:00","breadcrumb":{"@id":"https:\/\/www.de-wild.com\/2023\/02\/open-dag-voor-klanten\/#breadcrumb"},"inLanguage":"fr-FR","potentialAction":[{"@type":"ReadAction","target":["https:\/\/www.de-wild.com\/2023\/02\/open-dag-voor-klanten\/"]}]},{"@type":"ImageObject","inLanguage":"fr-FR","@id":"https:\/\/www.de-wild.com\/2023\/02\/open-dag-voor-klanten\/#primaryimage","url":"https:\/\/www.de-wild.com\/wp-content\/uploads\/2023\/02\/Dealerdag_2023.jpg","contentUrl":"https:\/\/www.de-wild.com\/wp-content\/uploads\/2023\/02\/Dealerdag_2023.jpg","width":2200,"height":1467},{"@type":"BreadcrumbList","@id":"https:\/\/www.de-wild.com\/2023\/02\/open-dag-voor-klanten\/#breadcrumb","itemListElement":[{"@type":"ListItem","position":1,"name":"Home","item":"https:\/\/www.de-wild.com\/"},{"@type":"ListItem","position":2,"name":"Open dag voor klanten"}]},{"@type":"WebSite","@id":"https:\/\/www.de-wild.com\/#website","url":"https:\/\/www.de-wild.com\/","name":"De-Wild.com | sp\u00e9cialis\u00e9 dans les machines et outils pour le jardin et le parc","description":"De-Wild.com | sp\u00e9cialis\u00e9 dans les machines et outils pour le jardin et le parc","publisher":{"@id":"https:\/\/www.de-wild.com\/#organization"},"potentialAction":[{"@type":"SearchAction","target":{"@type":"EntryPoint","urlTemplate":"https:\/\/www.de-wild.com\/?s={search_term_string}"},"query-input":{"@type":"PropertyValueSpecification","valueRequired":true,"valueName":"search_term_string"}}],"inLanguage":"fr-FR"},{"@type":"Organization","@id":"https:\/\/www.de-wild.com\/#organization","name":"De-Wild.com | sp\u00e9cialis\u00e9 dans les machines et outils pour le jardin et le parc","url":"https:\/\/www.de-wild.com\/","logo":{"@type":"ImageObject","inLanguage":"fr-FR","@id":"https:\/\/www.de-wild.com\/#\/schema\/logo\/image\/","url":"https:\/\/www.de-wild.com\/wp-content\/uploads\/2020\/09\/logo.svg","contentUrl":"https:\/\/www.de-wild.com\/wp-content\/uploads\/2020\/09\/logo.svg","width":134,"height":150,"caption":"De-Wild.com | gespecialiseerd in machines en gereedschap voor tuin en park"},"image":{"@id":"https:\/\/www.de-wild.com\/#\/schema\/logo\/image\/"}},{"@type":"Person","@id":"https:\/\/www.de-wild.com\/#\/schema\/person\/2ea239bb21e1cf6b5ed8a5c6707f37ef","name":"Diana de Keijzer","image":{"@type":"ImageObject","inLanguage":"fr-FR","@id":"https:\/\/www.de-wild.com\/#\/schema\/person\/image\/","url":"https:\/\/secure.gravatar.com\/avatar\/1996a439a127955820c5b639d1a09a0ef871cc2e8b694c731872463a60ea954e?s=96&d=mm&r=g","contentUrl":"https:\/\/secure.gravatar.com\/avatar\/1996a439a127955820c5b639d1a09a0ef871cc2e8b694c731872463a60ea954e?s=96&d=mm&r=g","caption":"Diana de Keijzer"},"url":"https:\/\/www.de-wild.com\/fr\/author\/diana\/"}]}},"_links":{"self":[{"href":"https:\/\/www.de-wild.com\/fr\/wp-json\/wp\/v2\/posts\/1902","targetHints":{"allow":["GET"]}}],"collection":[{"href":"https:\/\/www.de-wild.com\/fr\/wp-json\/wp\/v2\/posts"}],"about":[{"href":"https:\/\/www.de-wild.com\/fr\/wp-json\/wp\/v2\/types\/post"}],"author":[{"embeddable":true,"href":"https:\/\/www.de-wild.com\/fr\/wp-json\/wp\/v2\/users\/3"}],"replies":[{"embeddable":true,"href":"https:\/\/www.de-wild.com\/fr\/wp-json\/wp\/v2\/comments?post=1902"}],"version-history":[{"count":5,"href":"https:\/\/www.de-wild.com\/fr\/wp-json\/wp\/v2\/posts\/1902\/revisions"}],"predecessor-version":[{"id":1909,"href":"https:\/\/www.de-wild.com\/fr\/wp-json\/wp\/v2\/posts\/1902\/revisions\/1909"}],"wp:featuredmedia":[{"embeddable":true,"href":"https:\/\/www.de-wild.com\/fr\/wp-json\/wp\/v2\/media\/1908"}],"wp:attachment":[{"href":"https:\/\/www.de-wild.com\/fr\/wp-json\/wp\/v2\/media?parent=1902"}],"wp:term":[{"taxonomy":"category","embeddable":true,"href":"https:\/\/www.de-wild.com\/fr\/wp-json\/wp\/v2\/categories?post=1902"},{"taxonomy":"post_tag","embeddable":true,"href":"https:\/\/www.de-wild.com\/fr\/wp-json\/wp\/v2\/tags?post=1902"}],"curies":[{"name":"wp","href":"https:\/\/api.w.org\/{rel}","templated":true}]}}