{"id":1846,"date":"2022-09-20T10:29:30","date_gmt":"2022-09-20T09:29:30","guid":{"rendered":"https:\/\/www.de-wild.com\/?p=1846"},"modified":"2022-11-11T09:06:57","modified_gmt":"2022-11-11T08:06:57","slug":"galabau-2022","status":"publish","type":"post","link":"https:\/\/www.de-wild.com\/fr\/2022\/09\/galabau-2022\/","title":{"rendered":"GaLaBau 2022"},"content":{"rendered":"<p>Du 14 au 17 septembre, nous \u00e9tions pr\u00e9sents au <a href=\"https:\/\/www.galabau-messe.com\/\" target=\"_blank\" rel=\"noopener\">GaLaBau<\/a> \u00e0 N\u00fcrnberg pour pr\u00e9senter nos marques GTM Professional et Silky. GaLaBau est le principal salon international de la verdure urbaine et des espaces publics. Nous vous avons manqu\u00e9 ? Regardez notre aftermovie ici et nous esp\u00e9rons vous voir \u00e0 la prochaine \u00e9dition en 2024 !<\/p>","protected":false},"excerpt":{"rendered":"<p>Du 14 au 17 septembre, nous \u00e9tions pr\u00e9sents au GaLaBau \u00e0 N\u00fcrnberg pour pr\u00e9senter nos marques GTM Professional et Silky. GaLaBau est le principal salon international de la verdure urbaine et des espaces publics. Nous vous avons manqu\u00e9 ? Regardez notre aftermovie ici et nous esp\u00e9rons vous voir \u00e0 la prochaine \u00e9dition en 2024 !<\/p>","protected":false},"author":3,"featured_media":1876,"comment_status":"open","ping_status":"open","sticky":false,"template":"","format":"standard","meta":{"_acf_changed":false,"inline_featured_image":false,"footnotes":""},"categories":[1],"tags":[],"class_list":["post-1846","post","type-post","status-publish","format-standard","has-post-thumbnail","hentry","category-geen-onderdeel-van-een-categorie"],"acf":[],"yoast_head":"<!-- This site is optimized with the Yoast SEO plugin v27.1.1 - https:\/\/yoast.com\/product\/yoast-seo-wordpress\/ -->\n<title>GaLaBau 2022 - De-Wild.com | gespecialiseerd in machines en gereedschap voor tuin en park<\/title>\n<meta name=\"robots\" content=\"index, follow, max-snippet:-1, max-image-preview:large, max-video-preview:-1\" \/>\n<link rel=\"canonical\" href=\"https:\/\/www.de-wild.com\/fr\/2022\/09\/galabau-2022\/\" \/>\n<meta property=\"og:locale\" content=\"fr_FR\" \/>\n<meta property=\"og:type\" content=\"article\" \/>\n<meta property=\"og:title\" content=\"GaLaBau 2022 - De-Wild.com | gespecialiseerd in machines en gereedschap voor tuin en park\" \/>\n<meta property=\"og:description\" content=\"Van 14 t\/m 17 september was De Wild aanwezig op GaLaBau in N\u00fcrnberg om onze merken GTM Professional en Silky te presenteren. GaLaBau is d\u00e9 toonaangevende internationale vakbeurs voor stedelijk groen en openbare ruimtes. Heb je ons gemist? Bekijk dan hier onze aftermovie en hopelijk zien we je op de volgende editie in 2024!\" \/>\n<meta property=\"og:url\" content=\"https:\/\/www.de-wild.com\/fr\/2022\/09\/galabau-2022\/\" \/>\n<meta property=\"og:site_name\" content=\"De-Wild.com | gespecialiseerd in machines en gereedschap voor tuin en park\" \/>\n<meta property=\"article:published_time\" content=\"2022-09-20T09:29:30+00:00\" \/>\n<meta property=\"article:modified_time\" content=\"2022-11-11T08:06:57+00:00\" \/>\n<meta property=\"og:image\" content=\"http:\/\/www.de-wild.com\/wp-content\/uploads\/2022\/09\/Galabau-2022-aftermovie.jpg\" \/>\n\t<meta property=\"og:image:width\" content=\"2100\" \/>\n\t<meta property=\"og:image:height\" content=\"1400\" \/>\n\t<meta property=\"og:image:type\" content=\"image\/jpeg\" \/>\n<meta name=\"author\" content=\"Diana de Keijzer\" \/>\n<meta name=\"twitter:card\" content=\"summary_large_image\" \/>\n<meta name=\"twitter:label1\" content=\"\u00c9crit par\" \/>\n\t<meta name=\"twitter:data1\" content=\"Diana de Keijzer\" \/>\n\t<meta name=\"twitter:label2\" content=\"Dur\u00e9e de lecture estim\u00e9e\" \/>\n\t<meta name=\"twitter:data2\" content=\"1 minute\" \/>\n<script type=\"application\/ld+json\" class=\"yoast-schema-graph\">{\"@context\":\"https:\/\/schema.org\",\"@graph\":[{\"@type\":\"Article\",\"@id\":\"https:\/\/www.de-wild.com\/2022\/09\/galabau-2022\/#article\",\"isPartOf\":{\"@id\":\"https:\/\/www.de-wild.com\/2022\/09\/galabau-2022\/\"},\"author\":{\"name\":\"Diana de Keijzer\",\"@id\":\"https:\/\/www.de-wild.com\/#\/schema\/person\/2ea239bb21e1cf6b5ed8a5c6707f37ef\"},\"headline\":\"GaLaBau 2022\",\"datePublished\":\"2022-09-20T09:29:30+00:00\",\"dateModified\":\"2022-11-11T08:06:57+00:00\",\"mainEntityOfPage\":{\"@id\":\"https:\/\/www.de-wild.com\/2022\/09\/galabau-2022\/\"},\"wordCount\":53,\"commentCount\":0,\"publisher\":{\"@id\":\"https:\/\/www.de-wild.com\/#organization\"},\"image\":{\"@id\":\"https:\/\/www.de-wild.com\/2022\/09\/galabau-2022\/#primaryimage\"},\"thumbnailUrl\":\"https:\/\/www.de-wild.com\/wp-content\/uploads\/2022\/09\/Galabau-2022-aftermovie.jpg\",\"articleSection\":[\"Geen onderdeel van een categorie\"],\"inLanguage\":\"fr-FR\",\"potentialAction\":[{\"@type\":\"CommentAction\",\"name\":\"Comment\",\"target\":[\"https:\/\/www.de-wild.com\/2022\/09\/galabau-2022\/#respond\"]}]},{\"@type\":\"WebPage\",\"@id\":\"https:\/\/www.de-wild.com\/2022\/09\/galabau-2022\/\",\"url\":\"https:\/\/www.de-wild.com\/2022\/09\/galabau-2022\/\",\"name\":\"GaLaBau 2022 - De-Wild.com | gespecialiseerd in machines en gereedschap voor tuin en park\",\"isPartOf\":{\"@id\":\"https:\/\/www.de-wild.com\/#website\"},\"primaryImageOfPage\":{\"@id\":\"https:\/\/www.de-wild.com\/2022\/09\/galabau-2022\/#primaryimage\"},\"image\":{\"@id\":\"https:\/\/www.de-wild.com\/2022\/09\/galabau-2022\/#primaryimage\"},\"thumbnailUrl\":\"https:\/\/www.de-wild.com\/wp-content\/uploads\/2022\/09\/Galabau-2022-aftermovie.jpg\",\"datePublished\":\"2022-09-20T09:29:30+00:00\",\"dateModified\":\"2022-11-11T08:06:57+00:00\",\"breadcrumb\":{\"@id\":\"https:\/\/www.de-wild.com\/2022\/09\/galabau-2022\/#breadcrumb\"},\"inLanguage\":\"fr-FR\",\"potentialAction\":[{\"@type\":\"ReadAction\",\"target\":[\"https:\/\/www.de-wild.com\/2022\/09\/galabau-2022\/\"]}]},{\"@type\":\"ImageObject\",\"inLanguage\":\"fr-FR\",\"@id\":\"https:\/\/www.de-wild.com\/2022\/09\/galabau-2022\/#primaryimage\",\"url\":\"https:\/\/www.de-wild.com\/wp-content\/uploads\/2022\/09\/Galabau-2022-aftermovie.jpg\",\"contentUrl\":\"https:\/\/www.de-wild.com\/wp-content\/uploads\/2022\/09\/Galabau-2022-aftermovie.jpg\",\"width\":2100,\"height\":1400},{\"@type\":\"BreadcrumbList\",\"@id\":\"https:\/\/www.de-wild.com\/2022\/09\/galabau-2022\/#breadcrumb\",\"itemListElement\":[{\"@type\":\"ListItem\",\"position\":1,\"name\":\"Home\",\"item\":\"https:\/\/www.de-wild.com\/\"},{\"@type\":\"ListItem\",\"position\":2,\"name\":\"GaLaBau 2022\"}]},{\"@type\":\"WebSite\",\"@id\":\"https:\/\/www.de-wild.com\/#website\",\"url\":\"https:\/\/www.de-wild.com\/\",\"name\":\"De-Wild.com | gespecialiseerd in machines en gereedschap voor tuin en park\",\"description\":\"De-Wild.com | gespecialiseerd in machines en gereedschap voor tuin en park\",\"publisher\":{\"@id\":\"https:\/\/www.de-wild.com\/#organization\"},\"potentialAction\":[{\"@type\":\"SearchAction\",\"target\":{\"@type\":\"EntryPoint\",\"urlTemplate\":\"https:\/\/www.de-wild.com\/?s={search_term_string}\"},\"query-input\":{\"@type\":\"PropertyValueSpecification\",\"valueRequired\":true,\"valueName\":\"search_term_string\"}}],\"inLanguage\":\"fr-FR\"},{\"@type\":\"Organization\",\"@id\":\"https:\/\/www.de-wild.com\/#organization\",\"name\":\"De-Wild.com | gespecialiseerd in machines en gereedschap voor tuin en park\",\"url\":\"https:\/\/www.de-wild.com\/\",\"logo\":{\"@type\":\"ImageObject\",\"inLanguage\":\"fr-FR\",\"@id\":\"https:\/\/www.de-wild.com\/#\/schema\/logo\/image\/\",\"url\":\"https:\/\/www.de-wild.com\/wp-content\/uploads\/2020\/09\/logo.svg\",\"contentUrl\":\"https:\/\/www.de-wild.com\/wp-content\/uploads\/2020\/09\/logo.svg\",\"width\":134,\"height\":150,\"caption\":\"De-Wild.com | gespecialiseerd in machines en gereedschap voor tuin en park\"},\"image\":{\"@id\":\"https:\/\/www.de-wild.com\/#\/schema\/logo\/image\/\"}},{\"@type\":\"Person\",\"@id\":\"https:\/\/www.de-wild.com\/#\/schema\/person\/2ea239bb21e1cf6b5ed8a5c6707f37ef\",\"name\":\"Diana de Keijzer\",\"image\":{\"@type\":\"ImageObject\",\"inLanguage\":\"fr-FR\",\"@id\":\"https:\/\/www.de-wild.com\/#\/schema\/person\/image\/\",\"url\":\"https:\/\/secure.gravatar.com\/avatar\/1996a439a127955820c5b639d1a09a0ef871cc2e8b694c731872463a60ea954e?s=96&d=mm&r=g\",\"contentUrl\":\"https:\/\/secure.gravatar.com\/avatar\/1996a439a127955820c5b639d1a09a0ef871cc2e8b694c731872463a60ea954e?s=96&d=mm&r=g\",\"caption\":\"Diana de Keijzer\"},\"url\":\"https:\/\/www.de-wild.com\/fr\/author\/diana\/\"}]}<\/script>\n<!-- \/ Yoast SEO plugin. -->","yoast_head_json":{"title":"GaLaBau 2022 - De-Wild.com | gespecialiseerd in machines en gereedschap voor tuin en park","robots":{"index":"index","follow":"follow","max-snippet":"max-snippet:-1","max-image-preview":"max-image-preview:large","max-video-preview":"max-video-preview:-1"},"canonical":"https:\/\/www.de-wild.com\/fr\/2022\/09\/galabau-2022\/","og_locale":"fr_FR","og_type":"article","og_title":"GaLaBau 2022 - De-Wild.com | gespecialiseerd in machines en gereedschap voor tuin en park","og_description":"Van 14 t\/m 17 september was De Wild aanwezig op GaLaBau in N\u00fcrnberg om onze merken GTM Professional en Silky te presenteren. GaLaBau is d\u00e9 toonaangevende internationale vakbeurs voor stedelijk groen en openbare ruimtes. Heb je ons gemist? Bekijk dan hier onze aftermovie en hopelijk zien we je op de volgende editie in 2024!","og_url":"https:\/\/www.de-wild.com\/fr\/2022\/09\/galabau-2022\/","og_site_name":"De-Wild.com | gespecialiseerd in machines en gereedschap voor tuin en park","article_published_time":"2022-09-20T09:29:30+00:00","article_modified_time":"2022-11-11T08:06:57+00:00","og_image":[{"width":2100,"height":1400,"url":"http:\/\/www.de-wild.com\/wp-content\/uploads\/2022\/09\/Galabau-2022-aftermovie.jpg","type":"image\/jpeg"}],"author":"Diana de Keijzer","twitter_card":"summary_large_image","twitter_misc":{"\u00c9crit par":"Diana de Keijzer","Dur\u00e9e de lecture estim\u00e9e":"1 minute"},"schema":{"@context":"https:\/\/schema.org","@graph":[{"@type":"Article","@id":"https:\/\/www.de-wild.com\/2022\/09\/galabau-2022\/#article","isPartOf":{"@id":"https:\/\/www.de-wild.com\/2022\/09\/galabau-2022\/"},"author":{"name":"Diana de Keijzer","@id":"https:\/\/www.de-wild.com\/#\/schema\/person\/2ea239bb21e1cf6b5ed8a5c6707f37ef"},"headline":"GaLaBau 2022","datePublished":"2022-09-20T09:29:30+00:00","dateModified":"2022-11-11T08:06:57+00:00","mainEntityOfPage":{"@id":"https:\/\/www.de-wild.com\/2022\/09\/galabau-2022\/"},"wordCount":53,"commentCount":0,"publisher":{"@id":"https:\/\/www.de-wild.com\/#organization"},"image":{"@id":"https:\/\/www.de-wild.com\/2022\/09\/galabau-2022\/#primaryimage"},"thumbnailUrl":"https:\/\/www.de-wild.com\/wp-content\/uploads\/2022\/09\/Galabau-2022-aftermovie.jpg","articleSection":["Geen onderdeel van een categorie"],"inLanguage":"fr-FR","potentialAction":[{"@type":"CommentAction","name":"Comment","target":["https:\/\/www.de-wild.com\/2022\/09\/galabau-2022\/#respond"]}]},{"@type":"WebPage","@id":"https:\/\/www.de-wild.com\/2022\/09\/galabau-2022\/","url":"https:\/\/www.de-wild.com\/2022\/09\/galabau-2022\/","name":"GaLaBau 2022 - De-Wild.com | gespecialiseerd in machines en gereedschap voor tuin en park","isPartOf":{"@id":"https:\/\/www.de-wild.com\/#website"},"primaryImageOfPage":{"@id":"https:\/\/www.de-wild.com\/2022\/09\/galabau-2022\/#primaryimage"},"image":{"@id":"https:\/\/www.de-wild.com\/2022\/09\/galabau-2022\/#primaryimage"},"thumbnailUrl":"https:\/\/www.de-wild.com\/wp-content\/uploads\/2022\/09\/Galabau-2022-aftermovie.jpg","datePublished":"2022-09-20T09:29:30+00:00","dateModified":"2022-11-11T08:06:57+00:00","breadcrumb":{"@id":"https:\/\/www.de-wild.com\/2022\/09\/galabau-2022\/#breadcrumb"},"inLanguage":"fr-FR","potentialAction":[{"@type":"ReadAction","target":["https:\/\/www.de-wild.com\/2022\/09\/galabau-2022\/"]}]},{"@type":"ImageObject","inLanguage":"fr-FR","@id":"https:\/\/www.de-wild.com\/2022\/09\/galabau-2022\/#primaryimage","url":"https:\/\/www.de-wild.com\/wp-content\/uploads\/2022\/09\/Galabau-2022-aftermovie.jpg","contentUrl":"https:\/\/www.de-wild.com\/wp-content\/uploads\/2022\/09\/Galabau-2022-aftermovie.jpg","width":2100,"height":1400},{"@type":"BreadcrumbList","@id":"https:\/\/www.de-wild.com\/2022\/09\/galabau-2022\/#breadcrumb","itemListElement":[{"@type":"ListItem","position":1,"name":"Home","item":"https:\/\/www.de-wild.com\/"},{"@type":"ListItem","position":2,"name":"GaLaBau 2022"}]},{"@type":"WebSite","@id":"https:\/\/www.de-wild.com\/#website","url":"https:\/\/www.de-wild.com\/","name":"De-Wild.com | sp\u00e9cialis\u00e9 dans les machines et outils pour le jardin et le parc","description":"De-Wild.com | sp\u00e9cialis\u00e9 dans les machines et outils pour le jardin et le parc","publisher":{"@id":"https:\/\/www.de-wild.com\/#organization"},"potentialAction":[{"@type":"SearchAction","target":{"@type":"EntryPoint","urlTemplate":"https:\/\/www.de-wild.com\/?s={search_term_string}"},"query-input":{"@type":"PropertyValueSpecification","valueRequired":true,"valueName":"search_term_string"}}],"inLanguage":"fr-FR"},{"@type":"Organization","@id":"https:\/\/www.de-wild.com\/#organization","name":"De-Wild.com | sp\u00e9cialis\u00e9 dans les machines et outils pour le jardin et le parc","url":"https:\/\/www.de-wild.com\/","logo":{"@type":"ImageObject","inLanguage":"fr-FR","@id":"https:\/\/www.de-wild.com\/#\/schema\/logo\/image\/","url":"https:\/\/www.de-wild.com\/wp-content\/uploads\/2020\/09\/logo.svg","contentUrl":"https:\/\/www.de-wild.com\/wp-content\/uploads\/2020\/09\/logo.svg","width":134,"height":150,"caption":"De-Wild.com | gespecialiseerd in machines en gereedschap voor tuin en park"},"image":{"@id":"https:\/\/www.de-wild.com\/#\/schema\/logo\/image\/"}},{"@type":"Person","@id":"https:\/\/www.de-wild.com\/#\/schema\/person\/2ea239bb21e1cf6b5ed8a5c6707f37ef","name":"Diana de Keijzer","image":{"@type":"ImageObject","inLanguage":"fr-FR","@id":"https:\/\/www.de-wild.com\/#\/schema\/person\/image\/","url":"https:\/\/secure.gravatar.com\/avatar\/1996a439a127955820c5b639d1a09a0ef871cc2e8b694c731872463a60ea954e?s=96&d=mm&r=g","contentUrl":"https:\/\/secure.gravatar.com\/avatar\/1996a439a127955820c5b639d1a09a0ef871cc2e8b694c731872463a60ea954e?s=96&d=mm&r=g","caption":"Diana de Keijzer"},"url":"https:\/\/www.de-wild.com\/fr\/author\/diana\/"}]}},"_links":{"self":[{"href":"https:\/\/www.de-wild.com\/fr\/wp-json\/wp\/v2\/posts\/1846","targetHints":{"allow":["GET"]}}],"collection":[{"href":"https:\/\/www.de-wild.com\/fr\/wp-json\/wp\/v2\/posts"}],"about":[{"href":"https:\/\/www.de-wild.com\/fr\/wp-json\/wp\/v2\/types\/post"}],"author":[{"embeddable":true,"href":"https:\/\/www.de-wild.com\/fr\/wp-json\/wp\/v2\/users\/3"}],"replies":[{"embeddable":true,"href":"https:\/\/www.de-wild.com\/fr\/wp-json\/wp\/v2\/comments?post=1846"}],"version-history":[{"count":9,"href":"https:\/\/www.de-wild.com\/fr\/wp-json\/wp\/v2\/posts\/1846\/revisions"}],"predecessor-version":[{"id":1878,"href":"https:\/\/www.de-wild.com\/fr\/wp-json\/wp\/v2\/posts\/1846\/revisions\/1878"}],"wp:featuredmedia":[{"embeddable":true,"href":"https:\/\/www.de-wild.com\/fr\/wp-json\/wp\/v2\/media\/1876"}],"wp:attachment":[{"href":"https:\/\/www.de-wild.com\/fr\/wp-json\/wp\/v2\/media?parent=1846"}],"wp:term":[{"taxonomy":"category","embeddable":true,"href":"https:\/\/www.de-wild.com\/fr\/wp-json\/wp\/v2\/categories?post=1846"},{"taxonomy":"post_tag","embeddable":true,"href":"https:\/\/www.de-wild.com\/fr\/wp-json\/wp\/v2\/tags?post=1846"}],"curies":[{"name":"wp","href":"https:\/\/api.w.org\/{rel}","templated":true}]}}