{"id":1893,"date":"2023-01-13T08:30:48","date_gmt":"2023-01-13T07:30:48","guid":{"rendered":"https:\/\/www.de-wild.com\/?p=1893"},"modified":"2023-01-13T13:00:57","modified_gmt":"2023-01-13T12:00:57","slug":"de-groene-sector-2023","status":"publish","type":"post","link":"https:\/\/www.de-wild.com\/de\/2023\/01\/de-groene-sector-2023\/","title":{"rendered":"De Groene Sector 2023"},"content":{"rendered":"<p>Mit seinen mehr als 14.000 Besuchern ist <a href=\"https:\/\/www.groenesector.nl\/\" target=\"_blank\" rel=\"noopener\">De Groene Sector<\/a> die Wissens- und Netzwerkveranstaltung f\u00fcr die gr\u00fcne Branche in den Niederlanden. Auch dieses Jahr haben wir uns wieder in der Evenementenhal in Hardenberg eingefunden, um neue und langj\u00e4hrige Kunden zu treffen.<\/p>\n<p>Der Publikumsmagnet an unserem Stand war zweifellos die Reihe der H\u00e4cksler, wobei insbesondere die beiden 1800er Modelle die Aufmerksamkeit der Gartenbauunternehmer auf sich zogen. Diese zwei Maschinen sind mit einem selbstfahrenden Fahrgestell ausgestattet und f\u00fcr Astdurchmesser bis 12 cm geeignet. Das Schreddersystem ist bei beiden Maschinen gleich. Der 1800R hat jedoch ein Fahrgestell mit Raupenantrieb und der 1800WD ist mit batteriebetriebenen R\u00e4dern ausgestattet, um die Maschine leicht bewegen zu k\u00f6nnen.<\/p>\n<p>Die Besucher hatten die M\u00f6glichkeit, neben einer Reihe von Erzeugnissen aus unserem <a href=\"https:\/\/www.de-wild.com\/de\/unsere-marken\/gtm\/\" target=\"_blank\" rel=\"noopener\">GTM Professional<\/a> Sortiment, sich die gesamte Palette der <a href=\"https:\/\/www.de-wild.com\/de\/unsere-marken\/silky\/\" target=\"_blank\" rel=\"noopener\">Silky<\/a> S\u00e4gen anzusehen. Besonderes Augenmerk wurde dabei auf die Sugoi mit ihrer progressiven Verzahnung gelegt, deren S\u00e4gez\u00e4hne am Anfang etwas feiner sind als gegen Ende des Blattes. Diese innovative Erfindung der japanischen Marke gestattet es Anwendern, den ersten Schnitt problemlos auszuf\u00fchren und dann bei voller Geschwindigkeit mehr Holz abzutragen.<\/p>\n<p>Wir blicken zur\u00fcck auf eine erfolgreiche Veranstaltung und hoffen, Sie im Jahr 2024 bei der Fachmesse \"De Groene Sector\" wiederzusehen!<\/p>","protected":false},"excerpt":{"rendered":"<p>Mit seinen mehr als 14.000 Besuchern ist \"De Groene Sector\" die Wissens- und Netzwerkveranstaltung f\u00fcr die gr\u00fcne Branche in den Niederlanden. Auch dieses Jahr haben wir uns wieder in der Evenementenhal in Hardenberg eingefunden, um neue und langj\u00e4hrige Kunden zu treffen.<\/p>","protected":false},"author":3,"featured_media":1892,"comment_status":"open","ping_status":"open","sticky":false,"template":"","format":"standard","meta":{"_acf_changed":false,"inline_featured_image":false,"footnotes":""},"categories":[1],"tags":[],"class_list":["post-1893","post","type-post","status-publish","format-standard","has-post-thumbnail","hentry","category-geen-onderdeel-van-een-categorie"],"acf":[],"yoast_head":"<!-- This site is optimized with the Yoast SEO plugin v27.1.1 - https:\/\/yoast.com\/product\/yoast-seo-wordpress\/ -->\n<title>De Groene Sector 2023 - De-Wild.com | gespecialiseerd in machines en gereedschap voor tuin en park<\/title>\n<meta name=\"robots\" content=\"index, follow, max-snippet:-1, max-image-preview:large, max-video-preview:-1\" \/>\n<link rel=\"canonical\" href=\"https:\/\/www.de-wild.com\/de\/2023\/01\/de-groene-sector-2023\/\" \/>\n<meta property=\"og:locale\" content=\"de_DE\" \/>\n<meta property=\"og:type\" content=\"article\" \/>\n<meta property=\"og:title\" content=\"De Groene Sector 2023 - De-Wild.com | gespecialiseerd in machines en gereedschap voor tuin en park\" \/>\n<meta property=\"og:description\" content=\"Met meer dan 14.000 bezoekers is De Groene Sector h\u00e9t kennis- en netwerkmoment voor de groene branche in Nederland. Ook dit jaar waren wij weer aanwezig in de Evenementenhal van Hardenberg om nieuwe \u00e9n bestaande klanten te ontmoeten.\" \/>\n<meta property=\"og:url\" content=\"https:\/\/www.de-wild.com\/de\/2023\/01\/de-groene-sector-2023\/\" \/>\n<meta property=\"og:site_name\" content=\"De-Wild.com | gespecialiseerd in machines en gereedschap voor tuin en park\" \/>\n<meta property=\"article:published_time\" content=\"2023-01-13T07:30:48+00:00\" \/>\n<meta property=\"article:modified_time\" content=\"2023-01-13T12:00:57+00:00\" \/>\n<meta property=\"og:image\" content=\"http:\/\/www.de-wild.com\/wp-content\/uploads\/2023\/01\/Groene-Sector-Hardenberg-2023_007.jpg\" \/>\n\t<meta property=\"og:image:width\" content=\"2200\" \/>\n\t<meta property=\"og:image:height\" content=\"1293\" \/>\n\t<meta property=\"og:image:type\" content=\"image\/jpeg\" \/>\n<meta name=\"author\" content=\"Diana de Keijzer\" \/>\n<meta name=\"twitter:card\" content=\"summary_large_image\" \/>\n<meta name=\"twitter:label1\" content=\"Geschrieben von\" \/>\n\t<meta name=\"twitter:data1\" content=\"Diana de Keijzer\" \/>\n\t<meta name=\"twitter:label2\" content=\"Gesch\u00e4tzte Lesezeit\" \/>\n\t<meta name=\"twitter:data2\" content=\"1\u00a0Minute\" \/>\n<script type=\"application\/ld+json\" class=\"yoast-schema-graph\">{\"@context\":\"https:\/\/schema.org\",\"@graph\":[{\"@type\":\"Article\",\"@id\":\"https:\/\/www.de-wild.com\/2023\/01\/de-groene-sector-2023\/#article\",\"isPartOf\":{\"@id\":\"https:\/\/www.de-wild.com\/2023\/01\/de-groene-sector-2023\/\"},\"author\":{\"name\":\"Diana de Keijzer\",\"@id\":\"https:\/\/www.de-wild.com\/#\/schema\/person\/2ea239bb21e1cf6b5ed8a5c6707f37ef\"},\"headline\":\"De Groene Sector 2023\",\"datePublished\":\"2023-01-13T07:30:48+00:00\",\"dateModified\":\"2023-01-13T12:00:57+00:00\",\"mainEntityOfPage\":{\"@id\":\"https:\/\/www.de-wild.com\/2023\/01\/de-groene-sector-2023\/\"},\"wordCount\":198,\"commentCount\":0,\"publisher\":{\"@id\":\"https:\/\/www.de-wild.com\/#organization\"},\"image\":{\"@id\":\"https:\/\/www.de-wild.com\/2023\/01\/de-groene-sector-2023\/#primaryimage\"},\"thumbnailUrl\":\"https:\/\/www.de-wild.com\/wp-content\/uploads\/2023\/01\/Groene-Sector-Hardenberg-2023_007.jpg\",\"articleSection\":[\"Geen onderdeel van een categorie\"],\"inLanguage\":\"de\",\"potentialAction\":[{\"@type\":\"CommentAction\",\"name\":\"Comment\",\"target\":[\"https:\/\/www.de-wild.com\/2023\/01\/de-groene-sector-2023\/#respond\"]}]},{\"@type\":\"WebPage\",\"@id\":\"https:\/\/www.de-wild.com\/2023\/01\/de-groene-sector-2023\/\",\"url\":\"https:\/\/www.de-wild.com\/2023\/01\/de-groene-sector-2023\/\",\"name\":\"De Groene Sector 2023 - De-Wild.com | gespecialiseerd in machines en gereedschap voor tuin en park\",\"isPartOf\":{\"@id\":\"https:\/\/www.de-wild.com\/#website\"},\"primaryImageOfPage\":{\"@id\":\"https:\/\/www.de-wild.com\/2023\/01\/de-groene-sector-2023\/#primaryimage\"},\"image\":{\"@id\":\"https:\/\/www.de-wild.com\/2023\/01\/de-groene-sector-2023\/#primaryimage\"},\"thumbnailUrl\":\"https:\/\/www.de-wild.com\/wp-content\/uploads\/2023\/01\/Groene-Sector-Hardenberg-2023_007.jpg\",\"datePublished\":\"2023-01-13T07:30:48+00:00\",\"dateModified\":\"2023-01-13T12:00:57+00:00\",\"breadcrumb\":{\"@id\":\"https:\/\/www.de-wild.com\/2023\/01\/de-groene-sector-2023\/#breadcrumb\"},\"inLanguage\":\"de\",\"potentialAction\":[{\"@type\":\"ReadAction\",\"target\":[\"https:\/\/www.de-wild.com\/2023\/01\/de-groene-sector-2023\/\"]}]},{\"@type\":\"ImageObject\",\"inLanguage\":\"de\",\"@id\":\"https:\/\/www.de-wild.com\/2023\/01\/de-groene-sector-2023\/#primaryimage\",\"url\":\"https:\/\/www.de-wild.com\/wp-content\/uploads\/2023\/01\/Groene-Sector-Hardenberg-2023_007.jpg\",\"contentUrl\":\"https:\/\/www.de-wild.com\/wp-content\/uploads\/2023\/01\/Groene-Sector-Hardenberg-2023_007.jpg\",\"width\":2200,\"height\":1293},{\"@type\":\"BreadcrumbList\",\"@id\":\"https:\/\/www.de-wild.com\/2023\/01\/de-groene-sector-2023\/#breadcrumb\",\"itemListElement\":[{\"@type\":\"ListItem\",\"position\":1,\"name\":\"Home\",\"item\":\"https:\/\/www.de-wild.com\/\"},{\"@type\":\"ListItem\",\"position\":2,\"name\":\"De Groene Sector 2023\"}]},{\"@type\":\"WebSite\",\"@id\":\"https:\/\/www.de-wild.com\/#website\",\"url\":\"https:\/\/www.de-wild.com\/\",\"name\":\"De-Wild.com | gespecialiseerd in machines en gereedschap voor tuin en park\",\"description\":\"De-Wild.com | gespecialiseerd in machines en gereedschap voor tuin en park\",\"publisher\":{\"@id\":\"https:\/\/www.de-wild.com\/#organization\"},\"potentialAction\":[{\"@type\":\"SearchAction\",\"target\":{\"@type\":\"EntryPoint\",\"urlTemplate\":\"https:\/\/www.de-wild.com\/?s={search_term_string}\"},\"query-input\":{\"@type\":\"PropertyValueSpecification\",\"valueRequired\":true,\"valueName\":\"search_term_string\"}}],\"inLanguage\":\"de\"},{\"@type\":\"Organization\",\"@id\":\"https:\/\/www.de-wild.com\/#organization\",\"name\":\"De-Wild.com | gespecialiseerd in machines en gereedschap voor tuin en park\",\"url\":\"https:\/\/www.de-wild.com\/\",\"logo\":{\"@type\":\"ImageObject\",\"inLanguage\":\"de\",\"@id\":\"https:\/\/www.de-wild.com\/#\/schema\/logo\/image\/\",\"url\":\"https:\/\/www.de-wild.com\/wp-content\/uploads\/2020\/09\/logo.svg\",\"contentUrl\":\"https:\/\/www.de-wild.com\/wp-content\/uploads\/2020\/09\/logo.svg\",\"width\":134,\"height\":150,\"caption\":\"De-Wild.com | gespecialiseerd in machines en gereedschap voor tuin en park\"},\"image\":{\"@id\":\"https:\/\/www.de-wild.com\/#\/schema\/logo\/image\/\"}},{\"@type\":\"Person\",\"@id\":\"https:\/\/www.de-wild.com\/#\/schema\/person\/2ea239bb21e1cf6b5ed8a5c6707f37ef\",\"name\":\"Diana de Keijzer\",\"image\":{\"@type\":\"ImageObject\",\"inLanguage\":\"de\",\"@id\":\"https:\/\/www.de-wild.com\/#\/schema\/person\/image\/\",\"url\":\"https:\/\/secure.gravatar.com\/avatar\/1996a439a127955820c5b639d1a09a0ef871cc2e8b694c731872463a60ea954e?s=96&d=mm&r=g\",\"contentUrl\":\"https:\/\/secure.gravatar.com\/avatar\/1996a439a127955820c5b639d1a09a0ef871cc2e8b694c731872463a60ea954e?s=96&d=mm&r=g\",\"caption\":\"Diana de Keijzer\"},\"url\":\"https:\/\/www.de-wild.com\/de\/author\/diana\/\"}]}<\/script>\n<!-- \/ Yoast SEO plugin. -->","yoast_head_json":{"title":"De Groene Sector 2023 - De-Wild.com | gespecialiseerd in machines en gereedschap voor tuin en park","robots":{"index":"index","follow":"follow","max-snippet":"max-snippet:-1","max-image-preview":"max-image-preview:large","max-video-preview":"max-video-preview:-1"},"canonical":"https:\/\/www.de-wild.com\/de\/2023\/01\/de-groene-sector-2023\/","og_locale":"de_DE","og_type":"article","og_title":"De Groene Sector 2023 - De-Wild.com | gespecialiseerd in machines en gereedschap voor tuin en park","og_description":"Met meer dan 14.000 bezoekers is De Groene Sector h\u00e9t kennis- en netwerkmoment voor de groene branche in Nederland. Ook dit jaar waren wij weer aanwezig in de Evenementenhal van Hardenberg om nieuwe \u00e9n bestaande klanten te ontmoeten.","og_url":"https:\/\/www.de-wild.com\/de\/2023\/01\/de-groene-sector-2023\/","og_site_name":"De-Wild.com | gespecialiseerd in machines en gereedschap voor tuin en park","article_published_time":"2023-01-13T07:30:48+00:00","article_modified_time":"2023-01-13T12:00:57+00:00","og_image":[{"width":2200,"height":1293,"url":"http:\/\/www.de-wild.com\/wp-content\/uploads\/2023\/01\/Groene-Sector-Hardenberg-2023_007.jpg","type":"image\/jpeg"}],"author":"Diana de Keijzer","twitter_card":"summary_large_image","twitter_misc":{"Geschrieben von":"Diana de Keijzer","Gesch\u00e4tzte Lesezeit":"1\u00a0Minute"},"schema":{"@context":"https:\/\/schema.org","@graph":[{"@type":"Article","@id":"https:\/\/www.de-wild.com\/2023\/01\/de-groene-sector-2023\/#article","isPartOf":{"@id":"https:\/\/www.de-wild.com\/2023\/01\/de-groene-sector-2023\/"},"author":{"name":"Diana de Keijzer","@id":"https:\/\/www.de-wild.com\/#\/schema\/person\/2ea239bb21e1cf6b5ed8a5c6707f37ef"},"headline":"De Groene Sector 2023","datePublished":"2023-01-13T07:30:48+00:00","dateModified":"2023-01-13T12:00:57+00:00","mainEntityOfPage":{"@id":"https:\/\/www.de-wild.com\/2023\/01\/de-groene-sector-2023\/"},"wordCount":198,"commentCount":0,"publisher":{"@id":"https:\/\/www.de-wild.com\/#organization"},"image":{"@id":"https:\/\/www.de-wild.com\/2023\/01\/de-groene-sector-2023\/#primaryimage"},"thumbnailUrl":"https:\/\/www.de-wild.com\/wp-content\/uploads\/2023\/01\/Groene-Sector-Hardenberg-2023_007.jpg","articleSection":["Geen onderdeel van een categorie"],"inLanguage":"de","potentialAction":[{"@type":"CommentAction","name":"Comment","target":["https:\/\/www.de-wild.com\/2023\/01\/de-groene-sector-2023\/#respond"]}]},{"@type":"WebPage","@id":"https:\/\/www.de-wild.com\/2023\/01\/de-groene-sector-2023\/","url":"https:\/\/www.de-wild.com\/2023\/01\/de-groene-sector-2023\/","name":"De Groene Sector 2023 - De-Wild.com | gespecialiseerd in machines en gereedschap voor tuin en park","isPartOf":{"@id":"https:\/\/www.de-wild.com\/#website"},"primaryImageOfPage":{"@id":"https:\/\/www.de-wild.com\/2023\/01\/de-groene-sector-2023\/#primaryimage"},"image":{"@id":"https:\/\/www.de-wild.com\/2023\/01\/de-groene-sector-2023\/#primaryimage"},"thumbnailUrl":"https:\/\/www.de-wild.com\/wp-content\/uploads\/2023\/01\/Groene-Sector-Hardenberg-2023_007.jpg","datePublished":"2023-01-13T07:30:48+00:00","dateModified":"2023-01-13T12:00:57+00:00","breadcrumb":{"@id":"https:\/\/www.de-wild.com\/2023\/01\/de-groene-sector-2023\/#breadcrumb"},"inLanguage":"de","potentialAction":[{"@type":"ReadAction","target":["https:\/\/www.de-wild.com\/2023\/01\/de-groene-sector-2023\/"]}]},{"@type":"ImageObject","inLanguage":"de","@id":"https:\/\/www.de-wild.com\/2023\/01\/de-groene-sector-2023\/#primaryimage","url":"https:\/\/www.de-wild.com\/wp-content\/uploads\/2023\/01\/Groene-Sector-Hardenberg-2023_007.jpg","contentUrl":"https:\/\/www.de-wild.com\/wp-content\/uploads\/2023\/01\/Groene-Sector-Hardenberg-2023_007.jpg","width":2200,"height":1293},{"@type":"BreadcrumbList","@id":"https:\/\/www.de-wild.com\/2023\/01\/de-groene-sector-2023\/#breadcrumb","itemListElement":[{"@type":"ListItem","position":1,"name":"Home","item":"https:\/\/www.de-wild.com\/"},{"@type":"ListItem","position":2,"name":"De Groene Sector 2023"}]},{"@type":"WebSite","@id":"https:\/\/www.de-wild.com\/#website","url":"https:\/\/www.de-wild.com\/","name":"De-Wild.com | spezialisiert auf Maschinen und Werkzeuge f\u00fcr G\u00e4rten und Parks","description":"De-Wild.com | spezialisiert auf Maschinen und Werkzeuge f\u00fcr G\u00e4rten und Parks","publisher":{"@id":"https:\/\/www.de-wild.com\/#organization"},"potentialAction":[{"@type":"SearchAction","target":{"@type":"EntryPoint","urlTemplate":"https:\/\/www.de-wild.com\/?s={search_term_string}"},"query-input":{"@type":"PropertyValueSpecification","valueRequired":true,"valueName":"search_term_string"}}],"inLanguage":"de"},{"@type":"Organization","@id":"https:\/\/www.de-wild.com\/#organization","name":"De-Wild.com | spezialisiert auf Maschinen und Werkzeuge f\u00fcr G\u00e4rten und Parks","url":"https:\/\/www.de-wild.com\/","logo":{"@type":"ImageObject","inLanguage":"de","@id":"https:\/\/www.de-wild.com\/#\/schema\/logo\/image\/","url":"https:\/\/www.de-wild.com\/wp-content\/uploads\/2020\/09\/logo.svg","contentUrl":"https:\/\/www.de-wild.com\/wp-content\/uploads\/2020\/09\/logo.svg","width":134,"height":150,"caption":"De-Wild.com | gespecialiseerd in machines en gereedschap voor tuin en park"},"image":{"@id":"https:\/\/www.de-wild.com\/#\/schema\/logo\/image\/"}},{"@type":"Person","@id":"https:\/\/www.de-wild.com\/#\/schema\/person\/2ea239bb21e1cf6b5ed8a5c6707f37ef","name":"Diana de Keijzer","image":{"@type":"ImageObject","inLanguage":"de","@id":"https:\/\/www.de-wild.com\/#\/schema\/person\/image\/","url":"https:\/\/secure.gravatar.com\/avatar\/1996a439a127955820c5b639d1a09a0ef871cc2e8b694c731872463a60ea954e?s=96&d=mm&r=g","contentUrl":"https:\/\/secure.gravatar.com\/avatar\/1996a439a127955820c5b639d1a09a0ef871cc2e8b694c731872463a60ea954e?s=96&d=mm&r=g","caption":"Diana de Keijzer"},"url":"https:\/\/www.de-wild.com\/de\/author\/diana\/"}]}},"_links":{"self":[{"href":"https:\/\/www.de-wild.com\/de\/wp-json\/wp\/v2\/posts\/1893","targetHints":{"allow":["GET"]}}],"collection":[{"href":"https:\/\/www.de-wild.com\/de\/wp-json\/wp\/v2\/posts"}],"about":[{"href":"https:\/\/www.de-wild.com\/de\/wp-json\/wp\/v2\/types\/post"}],"author":[{"embeddable":true,"href":"https:\/\/www.de-wild.com\/de\/wp-json\/wp\/v2\/users\/3"}],"replies":[{"embeddable":true,"href":"https:\/\/www.de-wild.com\/de\/wp-json\/wp\/v2\/comments?post=1893"}],"version-history":[{"count":8,"href":"https:\/\/www.de-wild.com\/de\/wp-json\/wp\/v2\/posts\/1893\/revisions"}],"predecessor-version":[{"id":1901,"href":"https:\/\/www.de-wild.com\/de\/wp-json\/wp\/v2\/posts\/1893\/revisions\/1901"}],"wp:featuredmedia":[{"embeddable":true,"href":"https:\/\/www.de-wild.com\/de\/wp-json\/wp\/v2\/media\/1892"}],"wp:attachment":[{"href":"https:\/\/www.de-wild.com\/de\/wp-json\/wp\/v2\/media?parent=1893"}],"wp:term":[{"taxonomy":"category","embeddable":true,"href":"https:\/\/www.de-wild.com\/de\/wp-json\/wp\/v2\/categories?post=1893"},{"taxonomy":"post_tag","embeddable":true,"href":"https:\/\/www.de-wild.com\/de\/wp-json\/wp\/v2\/tags?post=1893"}],"curies":[{"name":"wp","href":"https:\/\/api.w.org\/{rel}","templated":true}]}}